{"id":60,"date":"2016-10-24T11:17:55","date_gmt":"2016-10-24T11:17:55","guid":{"rendered":"http:\/\/digitale-medien-und-deutsche-auslandsschulen.gei.de\/?p=60"},"modified":"2022-12-22T10:12:27","modified_gmt":"2022-12-22T10:12:27","slug":"gespraech-in-die-usa","status":"publish","type":"post","link":"https:\/\/das.gei.de\/?p=60&lang=de","title":{"rendered":"La Paz: Gespr\u00e4ch in die USA"},"content":{"rendered":"<p>\t\t\t\tPer Skype f\u00fchrt eine Klasse ein Gespr\u00e4ch mit einem Schriftsteller in den USA. Sch\u00fclerin: \u201eDas ist sooo super!\u201c\t\t<\/p>\n","protected":false},"excerpt":{"rendered":"<p>Per Skype f\u00fchrt eine Klasse ein Gespr\u00e4ch mit einem Schriftsteller in den USA. Sch\u00fclerin: \u201eDas ist sooo super!\u201c<\/p>\n","protected":false},"author":2,"featured_media":0,"comment_status":"closed","ping_status":"open","sticky":false,"template":"","format":"standard","meta":{"footnotes":""},"categories":[131],"tags":[],"class_list":["post-60","post","type-post","status-publish","format-standard","hentry","category-la-paz"],"_links":{"self":[{"href":"https:\/\/das.gei.de\/index.php?rest_route=\/wp\/v2\/posts\/60","targetHints":{"allow":["GET"]}}],"collection":[{"href":"https:\/\/das.gei.de\/index.php?rest_route=\/wp\/v2\/posts"}],"about":[{"href":"https:\/\/das.gei.de\/index.php?rest_route=\/wp\/v2\/types\/post"}],"author":[{"embeddable":true,"href":"https:\/\/das.gei.de\/index.php?rest_route=\/wp\/v2\/users\/2"}],"replies":[{"embeddable":true,"href":"https:\/\/das.gei.de\/index.php?rest_route=%2Fwp%2Fv2%2Fcomments&post=60"}],"version-history":[{"count":1,"href":"https:\/\/das.gei.de\/index.php?rest_route=\/wp\/v2\/posts\/60\/revisions"}],"predecessor-version":[{"id":2299,"href":"https:\/\/das.gei.de\/index.php?rest_route=\/wp\/v2\/posts\/60\/revisions\/2299"}],"wp:attachment":[{"href":"https:\/\/das.gei.de\/index.php?rest_route=%2Fwp%2Fv2%2Fmedia&parent=60"}],"wp:term":[{"taxonomy":"category","embeddable":true,"href":"https:\/\/das.gei.de\/index.php?rest_route=%2Fwp%2Fv2%2Fcategories&post=60"},{"taxonomy":"post_tag","embeddable":true,"href":"https:\/\/das.gei.de\/index.php?rest_route=%2Fwp%2Fv2%2Ftags&post=60"}],"curies":[{"name":"wp","href":"https:\/\/api.w.org\/{rel}","templated":true}]}}