{"id":38,"date":"2016-10-18T12:15:37","date_gmt":"2016-10-18T12:15:37","guid":{"rendered":"http:\/\/digitale-medien-und-deutsche-auslandsschulen.gei.de\/?p=38"},"modified":"2022-12-22T10:12:27","modified_gmt":"2022-12-22T10:12:27","slug":"daf-deutsch-als-fremdsprache-3","status":"publish","type":"post","link":"https:\/\/das.gei.de\/?p=38&lang=de","title":{"rendered":"La Paz: DaF (Deutsch als Fremdsprache)"},"content":{"rendered":"<p>\t\t\t\tDie Sch\u00fclerinnen und Sch\u00fcler teilen sich jeweils zu zweit oder zu dritt ein iPad und recherchieren Informationen \u00fcber Berlin. Es herrscht ein angenehmes Gemurmel in der Klasse. Viel Interaktion, aber kein L\u00e4rm. \t\t<\/p>\n","protected":false},"excerpt":{"rendered":"<p>Die Sch\u00fclerinnen und Sch\u00fcler teilen sich jeweils zu zweit oder zu dritt ein iPad und recherchieren Informationen \u00fcber Berlin. Es herrscht ein angenehmes Gemurmel in der Klasse. Viel Interaktion, aber kein L\u00e4rm.<\/p>\n","protected":false},"author":2,"featured_media":0,"comment_status":"closed","ping_status":"open","sticky":false,"template":"","format":"standard","meta":{"footnotes":""},"categories":[131],"tags":[],"class_list":["post-38","post","type-post","status-publish","format-standard","hentry","category-la-paz"],"_links":{"self":[{"href":"https:\/\/das.gei.de\/index.php?rest_route=\/wp\/v2\/posts\/38","targetHints":{"allow":["GET"]}}],"collection":[{"href":"https:\/\/das.gei.de\/index.php?rest_route=\/wp\/v2\/posts"}],"about":[{"href":"https:\/\/das.gei.de\/index.php?rest_route=\/wp\/v2\/types\/post"}],"author":[{"embeddable":true,"href":"https:\/\/das.gei.de\/index.php?rest_route=\/wp\/v2\/users\/2"}],"replies":[{"embeddable":true,"href":"https:\/\/das.gei.de\/index.php?rest_route=%2Fwp%2Fv2%2Fcomments&post=38"}],"version-history":[{"count":1,"href":"https:\/\/das.gei.de\/index.php?rest_route=\/wp\/v2\/posts\/38\/revisions"}],"predecessor-version":[{"id":2308,"href":"https:\/\/das.gei.de\/index.php?rest_route=\/wp\/v2\/posts\/38\/revisions\/2308"}],"wp:attachment":[{"href":"https:\/\/das.gei.de\/index.php?rest_route=%2Fwp%2Fv2%2Fmedia&parent=38"}],"wp:term":[{"taxonomy":"category","embeddable":true,"href":"https:\/\/das.gei.de\/index.php?rest_route=%2Fwp%2Fv2%2Fcategories&post=38"},{"taxonomy":"post_tag","embeddable":true,"href":"https:\/\/das.gei.de\/index.php?rest_route=%2Fwp%2Fv2%2Ftags&post=38"}],"curies":[{"name":"wp","href":"https:\/\/api.w.org\/{rel}","templated":true}]}}