{"id":18,"date":"2016-10-13T18:26:47","date_gmt":"2016-10-13T18:26:47","guid":{"rendered":"http:\/\/digitale-medien-und-deutsche-auslandsschulen.gei.de\/?p=18"},"modified":"2022-12-22T10:12:28","modified_gmt":"2022-12-22T10:12:28","slug":"noche-de-colores-auf-dem-schulhof","status":"publish","type":"post","link":"https:\/\/das.gei.de\/?p=18&lang=de","title":{"rendered":"La Paz: &#8220;Noche de Colores&#8221; auf dem Schulhof"},"content":{"rendered":"<p>\t\t\t\t\u00dcberall auf dem Gel\u00e4nde Leinw\u00e4nde und Beamer mit Videoinstallationen, die von Sch\u00fclerinnen und Sch\u00fclern entworfen und gestaltet wurden. F\u00fchle mich wie auf einer Ausstellung.<br \/>\n<a href=\"http:\/\/digitale-medien-und-deutsche-auslandsschulen.gei.de\/wp-content\/uploads\/2016\/10\/13.10.NochedeColores.jpg\"><img loading=\"lazy\" decoding=\"async\" src=\"http:\/\/digitale-medien-und-deutsche-auslandsschulen.gei.de\/wp-content\/uploads\/2016\/10\/13.10.NochedeColores-300x225.jpg\" alt=\"13.10.NochedeColores\" width=\"300\" height=\"225\" class=\"alignnone size-medium wp-image-196\" srcset=\"https:\/\/das.gei.de\/wp-content\/uploads\/2016\/10\/13.10.NochedeColores-300x225.jpg 300w, https:\/\/das.gei.de\/wp-content\/uploads\/2016\/10\/13.10.NochedeColores.jpg 1024w\" sizes=\"auto, (max-width: 300px) 100vw, 300px\" \/><\/a><\/p>\n<p><em>Auf der Webseite der Deutschen Schule la Paz gibt es ein paar Fotoimpressionen zur &#8220;<a href=\"http:\/\/www.ds-lapaz.edu.bo\/noche-de-colores\/\" target=\"_blank\" rel=\"noopener noreferrer\">Noche de Colores<\/a>&#8220;<\/em>\t\t<\/p>\n","protected":false},"excerpt":{"rendered":"<p>\u00dcberall auf dem Gel\u00e4nde Leinw\u00e4nde und Beamer mit Videoinstallationen, die von Sch\u00fclerinnen und Sch\u00fclern entworfen und gestaltet wurden. F\u00fchle mich wie auf einer Ausstellung. Auf der Webseite der Deutschen Schule la Paz gibt es ein paar Fotoimpressionen zur &#8220;Noche de Colores&#8220;<\/p>\n","protected":false},"author":2,"featured_media":0,"comment_status":"closed","ping_status":"open","sticky":false,"template":"","format":"standard","meta":{"footnotes":""},"categories":[131],"tags":[],"class_list":["post-18","post","type-post","status-publish","format-standard","hentry","category-la-paz"],"_links":{"self":[{"href":"https:\/\/das.gei.de\/index.php?rest_route=\/wp\/v2\/posts\/18","targetHints":{"allow":["GET"]}}],"collection":[{"href":"https:\/\/das.gei.de\/index.php?rest_route=\/wp\/v2\/posts"}],"about":[{"href":"https:\/\/das.gei.de\/index.php?rest_route=\/wp\/v2\/types\/post"}],"author":[{"embeddable":true,"href":"https:\/\/das.gei.de\/index.php?rest_route=\/wp\/v2\/users\/2"}],"replies":[{"embeddable":true,"href":"https:\/\/das.gei.de\/index.php?rest_route=%2Fwp%2Fv2%2Fcomments&post=18"}],"version-history":[{"count":1,"href":"https:\/\/das.gei.de\/index.php?rest_route=\/wp\/v2\/posts\/18\/revisions"}],"predecessor-version":[{"id":2316,"href":"https:\/\/das.gei.de\/index.php?rest_route=\/wp\/v2\/posts\/18\/revisions\/2316"}],"wp:attachment":[{"href":"https:\/\/das.gei.de\/index.php?rest_route=%2Fwp%2Fv2%2Fmedia&parent=18"}],"wp:term":[{"taxonomy":"category","embeddable":true,"href":"https:\/\/das.gei.de\/index.php?rest_route=%2Fwp%2Fv2%2Fcategories&post=18"},{"taxonomy":"post_tag","embeddable":true,"href":"https:\/\/das.gei.de\/index.php?rest_route=%2Fwp%2Fv2%2Ftags&post=18"}],"curies":[{"name":"wp","href":"https:\/\/api.w.org\/{rel}","templated":true}]}}