{"id":1535,"date":"2017-11-17T15:09:30","date_gmt":"2017-11-17T15:09:30","guid":{"rendered":"http:\/\/globaldas.gei.de\/?p=1535"},"modified":"2022-12-22T10:09:32","modified_gmt":"2022-12-22T10:09:32","slug":"seoul-kulturelle-identitaeten-im-treppenhaus","status":"publish","type":"post","link":"https:\/\/das.gei.de\/?p=1535&lang=de","title":{"rendered":"Seoul: Kulturelle Identit\u00e4ten im Treppenhaus"},"content":{"rendered":"<p>Das mit schwarz-rot-goldenen Elementen gestaltete Treppenhaus im Hauptgeb\u00e4ude ist nicht nur der \u201aVerkehrsknotenpunkt\u2018 f\u00fcr die vielen schulischen Akteurinnen und Akteure, die zur n\u00e4chsten Stunde eilen oder sich mittags auf den Weg in die Mensa oder auf den Pausenhof begeben. Es ist auch Galerie f\u00fcr die Kunstwerke der Sch\u00fclerinnen und Sch\u00fcler.<\/p>\n<p>Mir fallen besonders zwei Bilder aus einem jahrgangs\u00fcbergreifenden Projekt \u201aUnity \u2013 Germany and South Korea\u2018 auf. Dabei setzten sich die Jugendlichen in Teams mit ihrer kulturellen Identit\u00e4t und\/oder dem Leben an einer Deutschen Auslandsschule in Seoul auseinander: Viele von ihnen sind in Deutschland oder Korea geboren, haben schon in beiden L\u00e4ndern gelebt oder haben andere biographische Bez\u00fcge zu beiden und\/oder weiteren kulturellen Kontexten.<\/p>\n<p><a href=\"http:\/\/globaldas.gei.de\/wp-content\/uploads\/2017\/12\/Tag5_17.11_Bild12.jpg\"><img loading=\"lazy\" decoding=\"async\" class=\"alignnone size-medium wp-image-1536\" src=\"http:\/\/globaldas.gei.de\/wp-content\/uploads\/2017\/12\/Tag5_17.11_Bild12-225x300.jpg\" alt=\"\" width=\"225\" height=\"300\" srcset=\"https:\/\/das.gei.de\/wp-content\/uploads\/2017\/12\/Tag5_17.11_Bild12-225x300.jpg 225w, https:\/\/das.gei.de\/wp-content\/uploads\/2017\/12\/Tag5_17.11_Bild12-768x1024.jpg 768w\" sizes=\"auto, (max-width: 225px) 100vw, 225px\" \/><\/a><\/p>\n<p><a href=\"http:\/\/globaldas.gei.de\/wp-content\/uploads\/2017\/12\/Tag5_17.11_Bild13.jpg\"><img loading=\"lazy\" decoding=\"async\" class=\"alignnone size-medium wp-image-1537\" src=\"http:\/\/globaldas.gei.de\/wp-content\/uploads\/2017\/12\/Tag5_17.11_Bild13-300x225.jpg\" alt=\"\" width=\"300\" height=\"225\" srcset=\"https:\/\/das.gei.de\/wp-content\/uploads\/2017\/12\/Tag5_17.11_Bild13-300x225.jpg 300w, https:\/\/das.gei.de\/wp-content\/uploads\/2017\/12\/Tag5_17.11_Bild13-768x576.jpg 768w, https:\/\/das.gei.de\/wp-content\/uploads\/2017\/12\/Tag5_17.11_Bild13-1024x768.jpg 1024w\" sizes=\"auto, (max-width: 300px) 100vw, 300px\" \/><\/a><\/p>\n<p><a href=\"http:\/\/globaldas.gei.de\/wp-content\/uploads\/2017\/12\/Tag5_17.11_Bild14.jpg\"><img loading=\"lazy\" decoding=\"async\" class=\"alignnone size-medium wp-image-1538\" src=\"http:\/\/globaldas.gei.de\/wp-content\/uploads\/2017\/12\/Tag5_17.11_Bild14-300x225.jpg\" alt=\"\" width=\"300\" height=\"225\" srcset=\"https:\/\/das.gei.de\/wp-content\/uploads\/2017\/12\/Tag5_17.11_Bild14-300x225.jpg 300w, https:\/\/das.gei.de\/wp-content\/uploads\/2017\/12\/Tag5_17.11_Bild14-768x576.jpg 768w, https:\/\/das.gei.de\/wp-content\/uploads\/2017\/12\/Tag5_17.11_Bild14-1024x768.jpg 1024w\" sizes=\"auto, (max-width: 300px) 100vw, 300px\" \/><\/a><\/p>\n","protected":false},"excerpt":{"rendered":"<p>Das mit schwarz-rot-goldenen Elementen gestaltete Treppenhaus im Hauptgeb\u00e4ude ist nicht nur der \u201aVerkehrsknotenpunkt\u2018 f\u00fcr die vielen schulischen Akteurinnen und Akteure, die zur n\u00e4chsten Stunde eilen oder sich mittags auf den Weg in die Mensa oder auf den Pausenhof begeben. Es ist auch Galerie f\u00fcr die Kunstwerke der Sch\u00fclerinnen und Sch\u00fcler. Mir fallen besonders zwei Bilder [&hellip;]<\/p>\n","protected":false},"author":2,"featured_media":0,"comment_status":"closed","ping_status":"open","sticky":false,"template":"","format":"standard","meta":{"footnotes":""},"categories":[76],"tags":[],"class_list":["post-1535","post","type-post","status-publish","format-standard","hentry","category-seoul-de"],"_links":{"self":[{"href":"https:\/\/das.gei.de\/index.php?rest_route=\/wp\/v2\/posts\/1535","targetHints":{"allow":["GET"]}}],"collection":[{"href":"https:\/\/das.gei.de\/index.php?rest_route=\/wp\/v2\/posts"}],"about":[{"href":"https:\/\/das.gei.de\/index.php?rest_route=\/wp\/v2\/types\/post"}],"author":[{"embeddable":true,"href":"https:\/\/das.gei.de\/index.php?rest_route=\/wp\/v2\/users\/2"}],"replies":[{"embeddable":true,"href":"https:\/\/das.gei.de\/index.php?rest_route=%2Fwp%2Fv2%2Fcomments&post=1535"}],"version-history":[{"count":2,"href":"https:\/\/das.gei.de\/index.php?rest_route=\/wp\/v2\/posts\/1535\/revisions"}],"predecessor-version":[{"id":1542,"href":"https:\/\/das.gei.de\/index.php?rest_route=\/wp\/v2\/posts\/1535\/revisions\/1542"}],"wp:attachment":[{"href":"https:\/\/das.gei.de\/index.php?rest_route=%2Fwp%2Fv2%2Fmedia&parent=1535"}],"wp:term":[{"taxonomy":"category","embeddable":true,"href":"https:\/\/das.gei.de\/index.php?rest_route=%2Fwp%2Fv2%2Fcategories&post=1535"},{"taxonomy":"post_tag","embeddable":true,"href":"https:\/\/das.gei.de\/index.php?rest_route=%2Fwp%2Fv2%2Ftags&post=1535"}],"curies":[{"name":"wp","href":"https:\/\/api.w.org\/{rel}","templated":true}]}}