{"id":14,"date":"2016-10-25T08:25:49","date_gmt":"2016-10-25T08:25:49","guid":{"rendered":"http:\/\/digitale-medien-und-deutsche-auslandsschulen.gei.de\/?p=14"},"modified":"2022-12-22T10:12:12","modified_gmt":"2022-12-22T10:12:12","slug":"25-10-2016","status":"publish","type":"post","link":"https:\/\/das.gei.de\/?p=14&lang=de","title":{"rendered":"La Paz: Spanisch"},"content":{"rendered":"<p>\t\t\t\tSch\u00fclerinnen und Sch\u00fcler \u00fcben Rechtschreibung mit der App &#8216;Palabraz&#8217;. Zum \u201eAufw\u00e4rmen\u201c am Anfang der Stunde. Alle haben Spa\u00df.<\/p>\n<p><a href=\"http:\/\/digitale-medien-und-deutsche-auslandsschulen.gei.de\/wp-content\/uploads\/2016\/10\/LaPaz_App-Palabraz.jpg\"><img loading=\"lazy\" decoding=\"async\" class=\"alignnone size-medium wp-image-273\" src=\"http:\/\/digitale-medien-und-deutsche-auslandsschulen.gei.de\/wp-content\/uploads\/2016\/10\/LaPaz_App-Palabraz-225x300.jpg\" alt=\"LaPaz_App Palabraz\" width=\"225\" height=\"300\" srcset=\"https:\/\/das.gei.de\/wp-content\/uploads\/2016\/10\/LaPaz_App-Palabraz-225x300.jpg 225w, https:\/\/das.gei.de\/wp-content\/uploads\/2016\/10\/LaPaz_App-Palabraz-768x1024.jpg 768w, https:\/\/das.gei.de\/wp-content\/uploads\/2016\/10\/LaPaz_App-Palabraz.jpg 1024w\" sizes=\"auto, (max-width: 225px) 100vw, 225px\" \/><\/a>\t\t<\/p>\n","protected":false},"excerpt":{"rendered":"<p>Sch\u00fclerinnen und Sch\u00fcler \u00fcben Rechtschreibung mit der App &#8216;Palabraz&#8217;. Zum \u201eAufw\u00e4rmen\u201c am Anfang der Stunde. Alle haben Spa\u00df.<\/p>\n","protected":false},"author":2,"featured_media":0,"comment_status":"closed","ping_status":"open","sticky":false,"template":"","format":"standard","meta":{"footnotes":""},"categories":[131],"tags":[],"class_list":["post-14","post","type-post","status-publish","format-standard","hentry","category-la-paz"],"_links":{"self":[{"href":"https:\/\/das.gei.de\/index.php?rest_route=\/wp\/v2\/posts\/14","targetHints":{"allow":["GET"]}}],"collection":[{"href":"https:\/\/das.gei.de\/index.php?rest_route=\/wp\/v2\/posts"}],"about":[{"href":"https:\/\/das.gei.de\/index.php?rest_route=\/wp\/v2\/types\/post"}],"author":[{"embeddable":true,"href":"https:\/\/das.gei.de\/index.php?rest_route=\/wp\/v2\/users\/2"}],"replies":[{"embeddable":true,"href":"https:\/\/das.gei.de\/index.php?rest_route=%2Fwp%2Fv2%2Fcomments&post=14"}],"version-history":[{"count":1,"href":"https:\/\/das.gei.de\/index.php?rest_route=\/wp\/v2\/posts\/14\/revisions"}],"predecessor-version":[{"id":2295,"href":"https:\/\/das.gei.de\/index.php?rest_route=\/wp\/v2\/posts\/14\/revisions\/2295"}],"wp:attachment":[{"href":"https:\/\/das.gei.de\/index.php?rest_route=%2Fwp%2Fv2%2Fmedia&parent=14"}],"wp:term":[{"taxonomy":"category","embeddable":true,"href":"https:\/\/das.gei.de\/index.php?rest_route=%2Fwp%2Fv2%2Fcategories&post=14"},{"taxonomy":"post_tag","embeddable":true,"href":"https:\/\/das.gei.de\/index.php?rest_route=%2Fwp%2Fv2%2Ftags&post=14"}],"curies":[{"name":"wp","href":"https:\/\/api.w.org\/{rel}","templated":true}]}}