{"id":1143,"date":"2017-09-07T17:11:38","date_gmt":"2017-09-07T17:11:38","guid":{"rendered":"http:\/\/globaldas.gei.de\/?p=1143"},"modified":"2022-12-22T10:10:01","modified_gmt":"2022-12-22T10:10:01","slug":"konzepte-global-citizen-auf-deutsch","status":"publish","type":"post","link":"https:\/\/das.gei.de\/?p=1143&lang=de","title":{"rendered":"Konzepte: &#8220;global citizen&#8221; auf Deutsch?"},"content":{"rendered":"<p>Heute haben wir uns gefragt, welchen Begriff man eigentlich f\u00fcr &#8220;global citizen&#8221; im deutschen verwende?<\/p>\n<p><a href=\"http:\/\/www.spiegel.de\/politik\/ausland\/wo-die-weltbuerger-wohnen-infografik-der-woche-a-1090806.html\">Spiegel-online<\/a> hat sich f\u00fcr &#8220;Weltb\u00fcrger&#8221; entschieden&#8230;<\/p>\n<p><a href=\"http:\/\/globaldas.gei.de\/wp-content\/uploads\/2017\/09\/spiegelonline-weltbuerger-2.jpg\"><img loading=\"lazy\" decoding=\"async\" class=\"alignnone size-medium wp-image-1144\" src=\"http:\/\/globaldas.gei.de\/wp-content\/uploads\/2017\/09\/spiegelonline-weltbuerger-2-300x233.jpg\" alt=\"\" width=\"300\" height=\"233\" srcset=\"https:\/\/das.gei.de\/wp-content\/uploads\/2017\/09\/spiegelonline-weltbuerger-2-300x233.jpg 300w, https:\/\/das.gei.de\/wp-content\/uploads\/2017\/09\/spiegelonline-weltbuerger-2-768x596.jpg 768w, https:\/\/das.gei.de\/wp-content\/uploads\/2017\/09\/spiegelonline-weltbuerger-2.jpg 898w\" sizes=\"auto, (max-width: 300px) 100vw, 300px\" \/><\/a><\/p>\n<p>Gibt es andere Ideen?&#8221;<\/p>\n","protected":false},"excerpt":{"rendered":"<p>Heute haben wir uns gefragt, welchen Begriff man eigentlich f\u00fcr &#8220;global citizen&#8221; im deutschen verwende? Spiegel-online hat sich f\u00fcr &#8220;Weltb\u00fcrger&#8221; entschieden&#8230; Gibt es andere Ideen?&#8221;<\/p>\n","protected":false},"author":2,"featured_media":0,"comment_status":"closed","ping_status":"open","sticky":false,"template":"","format":"standard","meta":{"footnotes":""},"categories":[60],"tags":[],"class_list":["post-1143","post","type-post","status-publish","format-standard","hentry","category-konzepte"],"_links":{"self":[{"href":"https:\/\/das.gei.de\/index.php?rest_route=\/wp\/v2\/posts\/1143","targetHints":{"allow":["GET"]}}],"collection":[{"href":"https:\/\/das.gei.de\/index.php?rest_route=\/wp\/v2\/posts"}],"about":[{"href":"https:\/\/das.gei.de\/index.php?rest_route=\/wp\/v2\/types\/post"}],"author":[{"embeddable":true,"href":"https:\/\/das.gei.de\/index.php?rest_route=\/wp\/v2\/users\/2"}],"replies":[{"embeddable":true,"href":"https:\/\/das.gei.de\/index.php?rest_route=%2Fwp%2Fv2%2Fcomments&post=1143"}],"version-history":[{"count":2,"href":"https:\/\/das.gei.de\/index.php?rest_route=\/wp\/v2\/posts\/1143\/revisions"}],"predecessor-version":[{"id":1146,"href":"https:\/\/das.gei.de\/index.php?rest_route=\/wp\/v2\/posts\/1143\/revisions\/1146"}],"wp:attachment":[{"href":"https:\/\/das.gei.de\/index.php?rest_route=%2Fwp%2Fv2%2Fmedia&parent=1143"}],"wp:term":[{"taxonomy":"category","embeddable":true,"href":"https:\/\/das.gei.de\/index.php?rest_route=%2Fwp%2Fv2%2Fcategories&post=1143"},{"taxonomy":"post_tag","embeddable":true,"href":"https:\/\/das.gei.de\/index.php?rest_route=%2Fwp%2Fv2%2Ftags&post=1143"}],"curies":[{"name":"wp","href":"https:\/\/api.w.org\/{rel}","templated":true}]}}